{"id":6152,"date":"2020-01-17T16:39:01","date_gmt":"2020-01-17T16:39:01","guid":{"rendered":"https:\/\/offmarketcars.ad\/a-partir-del-24-de-diciembre-tomar-a-la-derecha-sera-una-nueva-forma\/"},"modified":"2024-06-09T14:14:01","modified_gmt":"2024-06-09T14:14:01","slug":"a-partir-del-24-de-diciembre-tomar-a-la-derecha-sera-una-nueva-forma__trashed","status":"publish","type":"post","link":"https:\/\/offmarketcars.ad\/es\/a-partir-del-24-de-diciembre-tomar-a-la-derecha-sera-una-nueva-forma__trashed\/","title":{"rendered":"A partir del 24 de diciembre, tomar a la derecha ser\u00e1 una nueva forma"},"content":{"rendered":"\n<figure class=\"wp-block-gallery has-nested-images columns-default is-cropped wp-block-gallery-1 is-layout-flex wp-block-gallery-is-layout-flex\">\n<figure class=\"wp-block-image size-large\"><img fetchpriority=\"high\" decoding=\"async\" width=\"1024\" height=\"576\" data-id=\"1868\" src=\"https:\/\/offmarketcars.ad\/wp-content\/uploads\/2020\/07\/DSC_0869-0-00-00-00-1024x576.jpg\" alt=\"\" class=\"wp-image-1868\" srcset=\"https:\/\/offmarketcars.ad\/wp-content\/uploads\/2020\/07\/DSC_0869-0-00-00-00-1024x576.jpg 1024w, https:\/\/offmarketcars.ad\/wp-content\/uploads\/2020\/07\/DSC_0869-0-00-00-00-300x169.jpg 300w, https:\/\/offmarketcars.ad\/wp-content\/uploads\/2020\/07\/DSC_0869-0-00-00-00-768x432.jpg 768w, https:\/\/offmarketcars.ad\/wp-content\/uploads\/2020\/07\/DSC_0869-0-00-00-00.jpg 1280w\" sizes=\"(max-width: 1024px) 100vw, 1024px\" \/><\/figure>\n\n\n\n<figure class=\"wp-block-image size-large\"><img decoding=\"async\" width=\"1024\" height=\"576\" data-id=\"1866\" src=\"https:\/\/offmarketcars.ad\/wp-content\/uploads\/2020\/07\/DSC_0867-0-00-00-00-1024x576.jpg\" alt=\"\" class=\"wp-image-1866\" srcset=\"https:\/\/offmarketcars.ad\/wp-content\/uploads\/2020\/07\/DSC_0867-0-00-00-00-1024x576.jpg 1024w, https:\/\/offmarketcars.ad\/wp-content\/uploads\/2020\/07\/DSC_0867-0-00-00-00-300x169.jpg 300w, https:\/\/offmarketcars.ad\/wp-content\/uploads\/2020\/07\/DSC_0867-0-00-00-00-768x432.jpg 768w, https:\/\/offmarketcars.ad\/wp-content\/uploads\/2020\/07\/DSC_0867-0-00-00-00.jpg 1280w\" sizes=\"(max-width: 1024px) 100vw, 1024px\" \/><\/figure>\n\n\n\n<figure class=\"wp-block-image size-large\"><img decoding=\"async\" width=\"370\" height=\"242\" data-id=\"1764\" src=\"https:\/\/offmarketcars.ad\/wp-content\/uploads\/2020\/05\/Honda-CBX-650-Honda.jpg\" alt=\"\" class=\"wp-image-1764\" srcset=\"https:\/\/offmarketcars.ad\/wp-content\/uploads\/2020\/05\/Honda-CBX-650-Honda.jpg 370w, https:\/\/offmarketcars.ad\/wp-content\/uploads\/2020\/05\/Honda-CBX-650-Honda-300x196.jpg 300w\" sizes=\"(max-width: 370px) 100vw, 370px\" \/><\/figure>\n\n\n\n<figure class=\"wp-block-image size-large\"><img loading=\"lazy\" decoding=\"async\" width=\"770\" height=\"504\" data-id=\"1760\" src=\"https:\/\/offmarketcars.ad\/wp-content\/uploads\/2020\/05\/Yamaha-XJ-600-Yamaha-gallery.jpg\" alt=\"\" class=\"wp-image-1760\" srcset=\"https:\/\/offmarketcars.ad\/wp-content\/uploads\/2020\/05\/Yamaha-XJ-600-Yamaha-gallery.jpg 770w, https:\/\/offmarketcars.ad\/wp-content\/uploads\/2020\/05\/Yamaha-XJ-600-Yamaha-gallery-300x196.jpg 300w, https:\/\/offmarketcars.ad\/wp-content\/uploads\/2020\/05\/Yamaha-XJ-600-Yamaha-gallery-768x503.jpg 768w\" sizes=\"(max-width: 770px) 100vw, 770px\" \/><\/figure>\n<\/figure>\n\n<p>Kava es un tema multiprop\u00f3sito unificado con toneladas de opciones, funciones, herramientas innovadoras, im\u00e1genes de alta calidad, plugins de primera y muchos otros elementos. Con su precio asequible, \u00a1es m\u00e1s que beneficioso para cualquier usuario!<\/p>\n\n<div class=\"wp-block-columns is-layout-flex wp-container-core-columns-is-layout-1 wp-block-columns-is-layout-flex\">\n<div class=\"wp-block-column is-layout-flow wp-block-column-is-layout-flow\">\n<p>Kava contiene 30 demos por ahora, \u00a1y estamos planeando publicar m\u00e1s! Aparte de las asombrosas demos, <a href=\"https:\/\/crocoblock.com\/kava\/\" target=\"_blank\" rel=\"noreferrer noopener\" aria-label=\"Kava theme (opens in a new tab)\">el tema Kava<\/a> tiene cada vez m\u00e1s funciones beneficiosas para usuarios, negocios, empresas, desarrolladores, blogueros y otras categor\u00edas de usuarios. Incluso si eres un principiante absoluto en la construcci\u00f3n de sitios web, apreciar\u00e1s la sencillez y el c\u00f3modo modo visual del <strong>constructor de p\u00e1ginas Elementor<\/strong>. Los plugins de Jet se desarrollaron especialmente para proporcionar a los usuarios funciones adicionales en este editor de p\u00e1ginas. La principal ventaja del plugin Jet es que contiene m\u00f3dulos que no est\u00e1n incluidos en el paquete est\u00e1ndar <a href=\"https:\/\/elementor.com\/\" target=\"_blank\" rel=\"noreferrer noopener\" aria-label=\"Elementor (opens in a new tab)\">de Elementor<\/a>.<\/p>\n<\/div>\n\n\n\n<div class=\"wp-block-column is-layout-flow wp-block-column-is-layout-flow\">\n<h2 class=\"wp-block-heading\">No hay l\u00edmites para definir tu estilo<\/h2>\n\n\n\n<p>A\u00f1ade m\u00faltiples <a href=\"https:\/\/crocoblock.com\/ecommerce\/\" target=\"_blank\" rel=\"noreferrer noopener\" aria-label=\"WooCommerce widgets (opens in a new tab)\">widgets WooCommerce<\/a> presentados como m\u00f3dulos predise\u00f1ados y equipa tu tienda con widgets y elementos impresionantes, necesarios para el \u00e9xito del comercio online. Tus clientes apreciar\u00e1n el aspecto de tu sitio y sin duda lo recomendar\u00e1n a trav\u00e9s de sus cuentas en las redes sociales. Las opciones que se pueden implementar son ilimitadas. <a href=\"https:\/\/crocoblock.com\/kava\/\" target=\"_blank\" rel=\"noreferrer noopener\" aria-label=\"Kava theme (opens in a new tab)\">El tema Kava<\/a> cumple plenamente los requisitos de capacidad de respuesta para mostrar tu sitio web perfectamente en todos los dispositivos. Kava adaptar\u00e1 tu sitio autom\u00e1ticamente, de modo que tus visitantes podr\u00e1n entrar en \u00e9l tanto desde un tel\u00e9fono m\u00f3vil como desde un PC fijo.<\/p>\n<\/div>\n<\/div>\n\n<div class=\"wp-block-columns is-layout-flex wp-container-core-columns-is-layout-2 wp-block-columns-is-layout-flex\">\n<div class=\"wp-block-column is-layout-flow wp-block-column-is-layout-flow\">\n<figure class=\"wp-block-image size-large\"><img loading=\"lazy\" decoding=\"async\" width=\"683\" height=\"1024\" src=\"https:\/\/offmarketcars.ad\/wp-content\/uploads\/2023\/11\/viktor-theo-F_jI33ON9Fw-unsplash-scaled-1-683x1024.jpg\" alt=\"\" class=\"wp-image-5233\" srcset=\"https:\/\/offmarketcars.ad\/wp-content\/uploads\/2023\/11\/viktor-theo-F_jI33ON9Fw-unsplash-scaled-1-683x1024.jpg 683w, https:\/\/offmarketcars.ad\/wp-content\/uploads\/2023\/11\/viktor-theo-F_jI33ON9Fw-unsplash-scaled-1-200x300.jpg 200w, https:\/\/offmarketcars.ad\/wp-content\/uploads\/2023\/11\/viktor-theo-F_jI33ON9Fw-unsplash-scaled-1-768x1152.jpg 768w, https:\/\/offmarketcars.ad\/wp-content\/uploads\/2023\/11\/viktor-theo-F_jI33ON9Fw-unsplash-scaled-1-1024x1536.jpg 1024w, https:\/\/offmarketcars.ad\/wp-content\/uploads\/2023\/11\/viktor-theo-F_jI33ON9Fw-unsplash-scaled-1-1365x2048.jpg 1365w, https:\/\/offmarketcars.ad\/wp-content\/uploads\/2023\/11\/viktor-theo-F_jI33ON9Fw-unsplash-scaled-1.jpg 1600w\" sizes=\"(max-width: 683px) 100vw, 683px\" \/><\/figure>\n<\/div>\n\n\n\n<div class=\"wp-block-column is-layout-flow wp-block-column-is-layout-flow\">\n<figure class=\"wp-block-embed is-type-video is-provider-youtube wp-block-embed-youtube wp-embed-aspect-16-9 wp-has-aspect-ratio\"><div class=\"wp-block-embed__wrapper\">\n<iframe title=\"Supercars in Monaco June 2023 - #CSATW517 [TechArt GT Street R, Bugatti Veyron SS, Carrera GT]\" width=\"800\" height=\"450\" src=\"https:\/\/www.youtube.com\/embed\/jbtVEzDwEmw?feature=oembed\" frameborder=\"0\" allow=\"accelerometer; autoplay; clipboard-write; encrypted-media; gyroscope; picture-in-picture; web-share\" referrerpolicy=\"strict-origin-when-cross-origin\" allowfullscreen><\/iframe>\n<\/div><\/figure>\n<\/div>\n<\/div>\n","protected":false},"excerpt":{"rendered":"<p>Kava es un tema multiprop\u00f3sito unificado con toneladas de opciones, funciones, herramientas innovadoras, im\u00e1genes de alta calidad, plugins de primera y muchos otros elementos. Con su precio asequible, \u00a1es m\u00e1s que beneficioso para cualquier usuario! Kava contiene 30 demos por ahora, \u00a1y estamos planeando publicar m\u00e1s! Aparte de las asombrosas demos, el tema Kava tiene [&hellip;]<\/p>\n","protected":false},"author":5,"featured_media":6153,"comment_status":"open","ping_status":"open","sticky":false,"template":"","format":"standard","meta":{"_joinchat":[],"footnotes":""},"categories":[197],"tags":[],"yoast_head":"<!-- This site is optimized with the Yoast SEO plugin v23.0 - https:\/\/yoast.com\/wordpress\/plugins\/seo\/ -->\n<title>A partir del 24 de diciembre, tomar a la derecha ser\u00e1 una nueva forma - Off Market Cars<\/title>\n<meta name=\"robots\" content=\"index, follow, max-snippet:-1, max-image-preview:large, max-video-preview:-1\" \/>\n<link rel=\"canonical\" href=\"https:\/\/offmarketcars.ad\/es\/a-partir-del-24-de-diciembre-tomar-a-la-derecha-sera-una-nueva-forma__trashed\/\" \/>\n<meta property=\"og:locale\" content=\"es_ES\" \/>\n<meta property=\"og:type\" content=\"article\" \/>\n<meta property=\"og:title\" content=\"A partir del 24 de diciembre, tomar a la derecha ser\u00e1 una nueva forma - Off Market Cars\" \/>\n<meta property=\"og:description\" content=\"Kava es un tema multiprop\u00f3sito unificado con toneladas de opciones, funciones, herramientas innovadoras, im\u00e1genes de alta calidad, plugins de primera y muchos otros elementos. Con su precio asequible, \u00a1es m\u00e1s que beneficioso para cualquier usuario! Kava contiene 30 demos por ahora, \u00a1y estamos planeando publicar m\u00e1s! Aparte de las asombrosas demos, el tema Kava tiene [&hellip;]\" \/>\n<meta property=\"og:url\" content=\"https:\/\/offmarketcars.ad\/es\/a-partir-del-24-de-diciembre-tomar-a-la-derecha-sera-una-nueva-forma__trashed\/\" \/>\n<meta property=\"og:site_name\" content=\"Off Market Cars\" \/>\n<meta property=\"article:published_time\" content=\"2020-01-17T16:39:01+00:00\" \/>\n<meta property=\"article:modified_time\" content=\"2024-06-09T14:14:01+00:00\" \/>\n<meta property=\"og:image\" content=\"https:\/\/offmarketcars.ad\/wp-content\/uploads\/2020\/01\/post-image-7.1-scaled-1.jpg\" \/>\n\t<meta property=\"og:image:width\" content=\"2560\" \/>\n\t<meta property=\"og:image:height\" content=\"1801\" \/>\n\t<meta property=\"og:image:type\" content=\"image\/jpeg\" \/>\n<meta name=\"author\" content=\"Off Market Cars\" \/>\n<meta name=\"twitter:card\" content=\"summary_large_image\" \/>\n<meta name=\"twitter:label1\" content=\"Escrito por\" \/>\n\t<meta name=\"twitter:data1\" content=\"Off Market Cars\" \/>\n\t<meta name=\"twitter:label2\" content=\"Tiempo de lectura\" \/>\n\t<meta name=\"twitter:data2\" content=\"1 minuto\" \/>\n<script type=\"application\/ld+json\" class=\"yoast-schema-graph\">{\"@context\":\"https:\/\/schema.org\",\"@graph\":[{\"@type\":\"Article\",\"@id\":\"https:\/\/offmarketcars.ad\/es\/a-partir-del-24-de-diciembre-tomar-a-la-derecha-sera-una-nueva-forma__trashed\/#article\",\"isPartOf\":{\"@id\":\"https:\/\/offmarketcars.ad\/es\/a-partir-del-24-de-diciembre-tomar-a-la-derecha-sera-una-nueva-forma__trashed\/\"},\"author\":{\"name\":\"Off Market Cars\",\"@id\":\"https:\/\/offmarketcars.ad\/es\/#\/schema\/person\/980a423ba5b1128d312c13f48d69166f\"},\"headline\":\"A partir del 24 de diciembre, tomar a la derecha ser\u00e1 una nueva forma\",\"datePublished\":\"2020-01-17T16:39:01+00:00\",\"dateModified\":\"2024-06-09T14:14:01+00:00\",\"mainEntityOfPage\":{\"@id\":\"https:\/\/offmarketcars.ad\/es\/a-partir-del-24-de-diciembre-tomar-a-la-derecha-sera-una-nueva-forma__trashed\/\"},\"wordCount\":286,\"commentCount\":0,\"publisher\":{\"@id\":\"https:\/\/offmarketcars.ad\/es\/#organization\"},\"image\":{\"@id\":\"https:\/\/offmarketcars.ad\/es\/a-partir-del-24-de-diciembre-tomar-a-la-derecha-sera-una-nueva-forma__trashed\/#primaryimage\"},\"thumbnailUrl\":\"https:\/\/offmarketcars.ad\/wp-content\/uploads\/2020\/01\/post-image-7.1-scaled-1.jpg\",\"articleSection\":[\"Sin categorizar\"],\"inLanguage\":\"es\",\"potentialAction\":[{\"@type\":\"CommentAction\",\"name\":\"Comment\",\"target\":[\"https:\/\/offmarketcars.ad\/es\/a-partir-del-24-de-diciembre-tomar-a-la-derecha-sera-una-nueva-forma__trashed\/#respond\"]}]},{\"@type\":\"WebPage\",\"@id\":\"https:\/\/offmarketcars.ad\/es\/a-partir-del-24-de-diciembre-tomar-a-la-derecha-sera-una-nueva-forma__trashed\/\",\"url\":\"https:\/\/offmarketcars.ad\/es\/a-partir-del-24-de-diciembre-tomar-a-la-derecha-sera-una-nueva-forma__trashed\/\",\"name\":\"A partir del 24 de diciembre, tomar a la derecha ser\u00e1 una nueva forma - Off Market Cars\",\"isPartOf\":{\"@id\":\"https:\/\/offmarketcars.ad\/es\/#website\"},\"primaryImageOfPage\":{\"@id\":\"https:\/\/offmarketcars.ad\/es\/a-partir-del-24-de-diciembre-tomar-a-la-derecha-sera-una-nueva-forma__trashed\/#primaryimage\"},\"image\":{\"@id\":\"https:\/\/offmarketcars.ad\/es\/a-partir-del-24-de-diciembre-tomar-a-la-derecha-sera-una-nueva-forma__trashed\/#primaryimage\"},\"thumbnailUrl\":\"https:\/\/offmarketcars.ad\/wp-content\/uploads\/2020\/01\/post-image-7.1-scaled-1.jpg\",\"datePublished\":\"2020-01-17T16:39:01+00:00\",\"dateModified\":\"2024-06-09T14:14:01+00:00\",\"breadcrumb\":{\"@id\":\"https:\/\/offmarketcars.ad\/es\/a-partir-del-24-de-diciembre-tomar-a-la-derecha-sera-una-nueva-forma__trashed\/#breadcrumb\"},\"inLanguage\":\"es\",\"potentialAction\":[{\"@type\":\"ReadAction\",\"target\":[\"https:\/\/offmarketcars.ad\/es\/a-partir-del-24-de-diciembre-tomar-a-la-derecha-sera-una-nueva-forma__trashed\/\"]}]},{\"@type\":\"ImageObject\",\"inLanguage\":\"es\",\"@id\":\"https:\/\/offmarketcars.ad\/es\/a-partir-del-24-de-diciembre-tomar-a-la-derecha-sera-una-nueva-forma__trashed\/#primaryimage\",\"url\":\"https:\/\/offmarketcars.ad\/wp-content\/uploads\/2020\/01\/post-image-7.1-scaled-1.jpg\",\"contentUrl\":\"https:\/\/offmarketcars.ad\/wp-content\/uploads\/2020\/01\/post-image-7.1-scaled-1.jpg\",\"width\":2560,\"height\":1801},{\"@type\":\"BreadcrumbList\",\"@id\":\"https:\/\/offmarketcars.ad\/es\/a-partir-del-24-de-diciembre-tomar-a-la-derecha-sera-una-nueva-forma__trashed\/#breadcrumb\",\"itemListElement\":[{\"@type\":\"ListItem\",\"position\":1,\"name\":\"Portada\",\"item\":\"https:\/\/offmarketcars.ad\/es\/\"},{\"@type\":\"ListItem\",\"position\":2,\"name\":\"A partir del 24 de diciembre, tomar a la derecha ser\u00e1 una nueva forma\"}]},{\"@type\":\"WebSite\",\"@id\":\"https:\/\/offmarketcars.ad\/es\/#website\",\"url\":\"https:\/\/offmarketcars.ad\/es\/\",\"name\":\"Off Market Cars\",\"description\":\"Car boutique in Andorra\",\"publisher\":{\"@id\":\"https:\/\/offmarketcars.ad\/es\/#organization\"},\"potentialAction\":[{\"@type\":\"SearchAction\",\"target\":{\"@type\":\"EntryPoint\",\"urlTemplate\":\"https:\/\/offmarketcars.ad\/es\/?s={search_term_string}\"},\"query-input\":\"required name=search_term_string\"}],\"inLanguage\":\"es\"},{\"@type\":\"Organization\",\"@id\":\"https:\/\/offmarketcars.ad\/es\/#organization\",\"name\":\"Off Market Cars\",\"url\":\"https:\/\/offmarketcars.ad\/es\/\",\"logo\":{\"@type\":\"ImageObject\",\"inLanguage\":\"es\",\"@id\":\"https:\/\/offmarketcars.ad\/es\/#\/schema\/logo\/image\/\",\"url\":\"https:\/\/offmarketcars.ad\/wp-content\/uploads\/2024\/05\/cropped-7-1-e1716050613766.png\",\"contentUrl\":\"https:\/\/offmarketcars.ad\/wp-content\/uploads\/2024\/05\/cropped-7-1-e1716050613766.png\",\"width\":512,\"height\":512,\"caption\":\"Off Market Cars\"},\"image\":{\"@id\":\"https:\/\/offmarketcars.ad\/es\/#\/schema\/logo\/image\/\"}},{\"@type\":\"Person\",\"@id\":\"https:\/\/offmarketcars.ad\/es\/#\/schema\/person\/980a423ba5b1128d312c13f48d69166f\",\"name\":\"Off Market Cars\",\"image\":{\"@type\":\"ImageObject\",\"inLanguage\":\"es\",\"@id\":\"https:\/\/offmarketcars.ad\/es\/#\/schema\/person\/image\/\",\"url\":\"https:\/\/secure.gravatar.com\/avatar\/6dc5811833fbf4e2348489a4f9c2bc5c?s=96&d=mm&r=g\",\"contentUrl\":\"https:\/\/secure.gravatar.com\/avatar\/6dc5811833fbf4e2348489a4f9c2bc5c?s=96&d=mm&r=g\",\"caption\":\"Off Market Cars\"},\"url\":\"https:\/\/offmarketcars.ad\/es\/author\/alex\/\"}]}<\/script>\n<!-- \/ Yoast SEO plugin. -->","yoast_head_json":{"title":"A partir del 24 de diciembre, tomar a la derecha ser\u00e1 una nueva forma - Off Market Cars","robots":{"index":"index","follow":"follow","max-snippet":"max-snippet:-1","max-image-preview":"max-image-preview:large","max-video-preview":"max-video-preview:-1"},"canonical":"https:\/\/offmarketcars.ad\/es\/a-partir-del-24-de-diciembre-tomar-a-la-derecha-sera-una-nueva-forma__trashed\/","og_locale":"es_ES","og_type":"article","og_title":"A partir del 24 de diciembre, tomar a la derecha ser\u00e1 una nueva forma - Off Market Cars","og_description":"Kava es un tema multiprop\u00f3sito unificado con toneladas de opciones, funciones, herramientas innovadoras, im\u00e1genes de alta calidad, plugins de primera y muchos otros elementos. Con su precio asequible, \u00a1es m\u00e1s que beneficioso para cualquier usuario! Kava contiene 30 demos por ahora, \u00a1y estamos planeando publicar m\u00e1s! Aparte de las asombrosas demos, el tema Kava tiene [&hellip;]","og_url":"https:\/\/offmarketcars.ad\/es\/a-partir-del-24-de-diciembre-tomar-a-la-derecha-sera-una-nueva-forma__trashed\/","og_site_name":"Off Market Cars","article_published_time":"2020-01-17T16:39:01+00:00","article_modified_time":"2024-06-09T14:14:01+00:00","og_image":[{"width":2560,"height":1801,"url":"https:\/\/offmarketcars.ad\/wp-content\/uploads\/2020\/01\/post-image-7.1-scaled-1.jpg","type":"image\/jpeg"}],"author":"Off Market Cars","twitter_card":"summary_large_image","twitter_misc":{"Escrito por":"Off Market Cars","Tiempo de lectura":"1 minuto"},"schema":{"@context":"https:\/\/schema.org","@graph":[{"@type":"Article","@id":"https:\/\/offmarketcars.ad\/es\/a-partir-del-24-de-diciembre-tomar-a-la-derecha-sera-una-nueva-forma__trashed\/#article","isPartOf":{"@id":"https:\/\/offmarketcars.ad\/es\/a-partir-del-24-de-diciembre-tomar-a-la-derecha-sera-una-nueva-forma__trashed\/"},"author":{"name":"Off Market Cars","@id":"https:\/\/offmarketcars.ad\/es\/#\/schema\/person\/980a423ba5b1128d312c13f48d69166f"},"headline":"A partir del 24 de diciembre, tomar a la derecha ser\u00e1 una nueva forma","datePublished":"2020-01-17T16:39:01+00:00","dateModified":"2024-06-09T14:14:01+00:00","mainEntityOfPage":{"@id":"https:\/\/offmarketcars.ad\/es\/a-partir-del-24-de-diciembre-tomar-a-la-derecha-sera-una-nueva-forma__trashed\/"},"wordCount":286,"commentCount":0,"publisher":{"@id":"https:\/\/offmarketcars.ad\/es\/#organization"},"image":{"@id":"https:\/\/offmarketcars.ad\/es\/a-partir-del-24-de-diciembre-tomar-a-la-derecha-sera-una-nueva-forma__trashed\/#primaryimage"},"thumbnailUrl":"https:\/\/offmarketcars.ad\/wp-content\/uploads\/2020\/01\/post-image-7.1-scaled-1.jpg","articleSection":["Sin categorizar"],"inLanguage":"es","potentialAction":[{"@type":"CommentAction","name":"Comment","target":["https:\/\/offmarketcars.ad\/es\/a-partir-del-24-de-diciembre-tomar-a-la-derecha-sera-una-nueva-forma__trashed\/#respond"]}]},{"@type":"WebPage","@id":"https:\/\/offmarketcars.ad\/es\/a-partir-del-24-de-diciembre-tomar-a-la-derecha-sera-una-nueva-forma__trashed\/","url":"https:\/\/offmarketcars.ad\/es\/a-partir-del-24-de-diciembre-tomar-a-la-derecha-sera-una-nueva-forma__trashed\/","name":"A partir del 24 de diciembre, tomar a la derecha ser\u00e1 una nueva forma - Off Market Cars","isPartOf":{"@id":"https:\/\/offmarketcars.ad\/es\/#website"},"primaryImageOfPage":{"@id":"https:\/\/offmarketcars.ad\/es\/a-partir-del-24-de-diciembre-tomar-a-la-derecha-sera-una-nueva-forma__trashed\/#primaryimage"},"image":{"@id":"https:\/\/offmarketcars.ad\/es\/a-partir-del-24-de-diciembre-tomar-a-la-derecha-sera-una-nueva-forma__trashed\/#primaryimage"},"thumbnailUrl":"https:\/\/offmarketcars.ad\/wp-content\/uploads\/2020\/01\/post-image-7.1-scaled-1.jpg","datePublished":"2020-01-17T16:39:01+00:00","dateModified":"2024-06-09T14:14:01+00:00","breadcrumb":{"@id":"https:\/\/offmarketcars.ad\/es\/a-partir-del-24-de-diciembre-tomar-a-la-derecha-sera-una-nueva-forma__trashed\/#breadcrumb"},"inLanguage":"es","potentialAction":[{"@type":"ReadAction","target":["https:\/\/offmarketcars.ad\/es\/a-partir-del-24-de-diciembre-tomar-a-la-derecha-sera-una-nueva-forma__trashed\/"]}]},{"@type":"ImageObject","inLanguage":"es","@id":"https:\/\/offmarketcars.ad\/es\/a-partir-del-24-de-diciembre-tomar-a-la-derecha-sera-una-nueva-forma__trashed\/#primaryimage","url":"https:\/\/offmarketcars.ad\/wp-content\/uploads\/2020\/01\/post-image-7.1-scaled-1.jpg","contentUrl":"https:\/\/offmarketcars.ad\/wp-content\/uploads\/2020\/01\/post-image-7.1-scaled-1.jpg","width":2560,"height":1801},{"@type":"BreadcrumbList","@id":"https:\/\/offmarketcars.ad\/es\/a-partir-del-24-de-diciembre-tomar-a-la-derecha-sera-una-nueva-forma__trashed\/#breadcrumb","itemListElement":[{"@type":"ListItem","position":1,"name":"Portada","item":"https:\/\/offmarketcars.ad\/es\/"},{"@type":"ListItem","position":2,"name":"A partir del 24 de diciembre, tomar a la derecha ser\u00e1 una nueva forma"}]},{"@type":"WebSite","@id":"https:\/\/offmarketcars.ad\/es\/#website","url":"https:\/\/offmarketcars.ad\/es\/","name":"Off Market Cars","description":"Car boutique in Andorra","publisher":{"@id":"https:\/\/offmarketcars.ad\/es\/#organization"},"potentialAction":[{"@type":"SearchAction","target":{"@type":"EntryPoint","urlTemplate":"https:\/\/offmarketcars.ad\/es\/?s={search_term_string}"},"query-input":"required name=search_term_string"}],"inLanguage":"es"},{"@type":"Organization","@id":"https:\/\/offmarketcars.ad\/es\/#organization","name":"Off Market Cars","url":"https:\/\/offmarketcars.ad\/es\/","logo":{"@type":"ImageObject","inLanguage":"es","@id":"https:\/\/offmarketcars.ad\/es\/#\/schema\/logo\/image\/","url":"https:\/\/offmarketcars.ad\/wp-content\/uploads\/2024\/05\/cropped-7-1-e1716050613766.png","contentUrl":"https:\/\/offmarketcars.ad\/wp-content\/uploads\/2024\/05\/cropped-7-1-e1716050613766.png","width":512,"height":512,"caption":"Off Market Cars"},"image":{"@id":"https:\/\/offmarketcars.ad\/es\/#\/schema\/logo\/image\/"}},{"@type":"Person","@id":"https:\/\/offmarketcars.ad\/es\/#\/schema\/person\/980a423ba5b1128d312c13f48d69166f","name":"Off Market Cars","image":{"@type":"ImageObject","inLanguage":"es","@id":"https:\/\/offmarketcars.ad\/es\/#\/schema\/person\/image\/","url":"https:\/\/secure.gravatar.com\/avatar\/6dc5811833fbf4e2348489a4f9c2bc5c?s=96&d=mm&r=g","contentUrl":"https:\/\/secure.gravatar.com\/avatar\/6dc5811833fbf4e2348489a4f9c2bc5c?s=96&d=mm&r=g","caption":"Off Market Cars"},"url":"https:\/\/offmarketcars.ad\/es\/author\/alex\/"}]}},"_links":{"self":[{"href":"https:\/\/offmarketcars.ad\/es\/wp-json\/wp\/v2\/posts\/6152"}],"collection":[{"href":"https:\/\/offmarketcars.ad\/es\/wp-json\/wp\/v2\/posts"}],"about":[{"href":"https:\/\/offmarketcars.ad\/es\/wp-json\/wp\/v2\/types\/post"}],"author":[{"embeddable":true,"href":"https:\/\/offmarketcars.ad\/es\/wp-json\/wp\/v2\/users\/5"}],"replies":[{"embeddable":true,"href":"https:\/\/offmarketcars.ad\/es\/wp-json\/wp\/v2\/comments?post=6152"}],"version-history":[{"count":1,"href":"https:\/\/offmarketcars.ad\/es\/wp-json\/wp\/v2\/posts\/6152\/revisions"}],"predecessor-version":[{"id":6155,"href":"https:\/\/offmarketcars.ad\/es\/wp-json\/wp\/v2\/posts\/6152\/revisions\/6155"}],"wp:featuredmedia":[{"embeddable":true,"href":"https:\/\/offmarketcars.ad\/es\/wp-json\/wp\/v2\/media\/6153"}],"wp:attachment":[{"href":"https:\/\/offmarketcars.ad\/es\/wp-json\/wp\/v2\/media?parent=6152"}],"wp:term":[{"taxonomy":"category","embeddable":true,"href":"https:\/\/offmarketcars.ad\/es\/wp-json\/wp\/v2\/categories?post=6152"},{"taxonomy":"post_tag","embeddable":true,"href":"https:\/\/offmarketcars.ad\/es\/wp-json\/wp\/v2\/tags?post=6152"}],"curies":[{"name":"wp","href":"https:\/\/api.w.org\/{rel}","templated":true}]}}